{"id":4140,"date":"2022-05-06T17:00:00","date_gmt":"2022-05-06T15:00:00","guid":{"rendered":"https:\/\/altech.es\/noticia-future-fast-forward\/"},"modified":"2025-04-14T17:08:48","modified_gmt":"2025-04-14T15:08:48","slug":"noticia-future-fast-forward","status":"publish","type":"post","link":"https:\/\/altech.es\/en\/noticia-future-fast-forward\/","title":{"rendered":"Future: Fast Forward partners register the project with PERTE VEC"},"content":{"rendered":"\n<p><strong>ALTECH is participating as a partner company in the PERTE project for the Electric and Connected Vehicle (ECV), led by the Volkswagen Group and SEAT S.A.<\/strong><\/p>\n\n\n\n<p><strong>The company is part of the working group that will carry out the design, development, and industrialization of a new generation of electric and connected vehicles. Specifically, it will contribute its expertise in vehicle connectivity and in the design and development of various management applications.<\/strong><\/p>\n\n\n\n<p>The partners of Future: Fast Forward, led by the Volkswagen Group and SEAT S.A., registered the PERTE project for the Electric and Connected Vehicle (ECV) on May 4th, with the aim of making Spain an electric vehicle hub in Europe.<\/p>\n\n\n\n<div style=\"height:35px\" aria-hidden=\"true\" class=\"wp-block-spacer\"><\/div>\n\n\n\n<figure class=\"wp-block-image alignfull size-large\"><img fetchpriority=\"high\" decoding=\"async\" width=\"1024\" height=\"681\" src=\"https:\/\/altech.es\/wp-content\/uploads\/2023\/04\/023-02-02-EVENTO-3F001-2-1024x681.jpg\" alt=\"\" class=\"wp-image-1514\" srcset=\"https:\/\/altech.es\/wp-content\/uploads\/2023\/04\/023-02-02-EVENTO-3F001-2-1024x681.jpg 1024w, https:\/\/altech.es\/wp-content\/uploads\/2023\/04\/023-02-02-EVENTO-3F001-2-300x200.jpg 300w, https:\/\/altech.es\/wp-content\/uploads\/2023\/04\/023-02-02-EVENTO-3F001-2-768x511.jpg 768w, https:\/\/altech.es\/wp-content\/uploads\/2023\/04\/023-02-02-EVENTO-3F001-2-1536x1022.jpg 1536w, https:\/\/altech.es\/wp-content\/uploads\/2023\/04\/023-02-02-EVENTO-3F001-2-2048x1362.jpg 2048w\" sizes=\"(max-width: 1024px) 100vw, 1024px\" \/><\/figure>\n\n\n\n<div style=\"height:64px\" aria-hidden=\"true\" class=\"wp-block-spacer\"><\/div>\n\n\n\n<p>Comprised of a total of 62 national and international companies, leading companies from different sectors, it constitutes the largest business group in the history of the automotive industry in Spain.<\/p>\n\n\n\n<p>This is a national project that brings together companies from 11 autonomous communities (Andalusia, Aragon, Cantabria, Castile and Le\u00f3n, Catalonia, the Community of Madrid, the Community of Valencia, Extremadura, Galicia, Navarre, and the Basque Country), 61% of which are SMEs. Together, they cover the entire electric vehicle value chain.<\/p>\n\n\n\n<p>The project presented today, which included collaboration with PwC, is comprised of four main pillars. The driving force behind the project, led by SEAT S.A. and the Volkswagen Group, aims to electrify the Martorell and Pamplona factories. The second pillar of the business group&#8217;s project is the creation of the entire battery ecosystem for electric cars in Spain, encompassing everything from lithium mining to battery assembly, including a battery gigafactory in Sagunto (Valencia).<\/p>\n\n\n\n<p>The third pillar involves locating essential components for electric vehicles in Spain, and the fourth includes areas related to training, digitalization, and the circular economy. Overall, the project covers all nine blocks of the Electric and Connected Vehicle PERTE.<\/p>\n\n\n\n<div style=\"height:64px\" aria-hidden=\"true\" class=\"wp-block-spacer\"><\/div>\n\n\n\n<figure class=\"wp-block-image alignfull size-large\"><img decoding=\"async\" width=\"1024\" height=\"576\" src=\"https:\/\/altech.es\/wp-content\/uploads\/2023\/04\/FFF-1024x576.png\" alt=\"\" class=\"wp-image-1515\" srcset=\"https:\/\/altech.es\/wp-content\/uploads\/2023\/04\/FFF-1024x576.png 1024w, https:\/\/altech.es\/wp-content\/uploads\/2023\/04\/FFF-300x169.png 300w, https:\/\/altech.es\/wp-content\/uploads\/2023\/04\/FFF-768x432.png 768w, https:\/\/altech.es\/wp-content\/uploads\/2023\/04\/FFF-1536x865.png 1536w, https:\/\/altech.es\/wp-content\/uploads\/2023\/04\/FFF.png 1780w\" sizes=\"(max-width: 1024px) 100vw, 1024px\" \/><\/figure>\n\n\n\n<div style=\"height:64px\" aria-hidden=\"true\" class=\"wp-block-spacer\"><\/div>\n\n\n\n<p><strong>First General Assembly of Future: Fast Forward Partners<\/strong><\/p>\n\n\n\n<p>Last Friday, the first general assembly of Future: Fast Forward partners was held in Madrid, with the participation of representatives from all the companies involved in the project. Marc Riera, Director of Procurement Strategy and New Projects at SEAT S.A., has been appointed president of the general assembly of the Future: Fast Forward group, a representative body that will meet at least twice a year.<\/p>\n\n\n\n<p>The Future: Fast Forward partners have also formed a delegated committee, which will meet periodically to ensure compliance with the PERTE (Perte). This committee will also be chaired by Marc Riera.<\/p>\n\n\n\n<p>In addition, three governance committees have been created in association with this assembly. The Audit and Oversight Committee will be chaired by Blanca Montero, an economist, independent member of the General Council of the ICO (Spanish National Institute of Statistics and Census), and a member of the Board of Trustees of the Banco Sabadell Foundation. The Risk and Compliance Committee will be chaired by Ignacio Gonz\u00e1lez, a lawyer and external advisor to the Board of Directors of Grupo Ferrer International S.A. &amp; UNIRPROEDUCA. There will also be a Finance Committee, chaired by Ferran Rodr\u00edguez, an independent external advisor and current president of the Spanish Institute of Chartered Accountants. Each of these committees is independent and will report to the general assembly.<\/p>\n\n\n\n<p>The group will also have a Project Management Office (PMO) that will be responsible for closely monitoring the progress of the project. It will ensure compliance with the established deadlines and budget allocations for the various investments.<\/p>\n\n\n\n<div style=\"height:64px\" aria-hidden=\"true\" class=\"wp-block-spacer\"><\/div>\n\n\n\n<figure class=\"wp-block-image alignfull size-large\"><img decoding=\"async\" width=\"1024\" height=\"683\" src=\"https:\/\/altech.es\/wp-content\/uploads\/2023\/03\/Future-Fast-Forward_2-scaled-1-1024x683.jpg\" alt=\"\" class=\"wp-image-203\" srcset=\"https:\/\/altech.es\/wp-content\/uploads\/2023\/03\/Future-Fast-Forward_2-scaled-1-1024x683.jpg 1024w, https:\/\/altech.es\/wp-content\/uploads\/2023\/03\/Future-Fast-Forward_2-scaled-1-300x200.jpg 300w, https:\/\/altech.es\/wp-content\/uploads\/2023\/03\/Future-Fast-Forward_2-scaled-1-768x512.jpg 768w, https:\/\/altech.es\/wp-content\/uploads\/2023\/03\/Future-Fast-Forward_2-scaled-1-1536x1025.jpg 1536w, https:\/\/altech.es\/wp-content\/uploads\/2023\/03\/Future-Fast-Forward_2-scaled-1-2048x1366.jpg 2048w, https:\/\/altech.es\/wp-content\/uploads\/2023\/03\/Future-Fast-Forward_2-scaled-1.jpg 1920w\" sizes=\"(max-width: 1024px) 100vw, 1024px\" \/><\/figure>\n\n\n\n<div style=\"height:64px\" aria-hidden=\"true\" class=\"wp-block-spacer\"><\/div>\n\n\n\n<p><strong>Future: Fast Forward project partners<\/strong><\/p>\n\n\n\n<p>ALTECH, Asai Industrial, AZTERLAN, Balidea, BeePlanet Factory, Bosch, Brose, CARTO, CELSA Group, CETIM, CIDETEC, CENIM \u2013 CSIC, CERLER Global Electronics, CYP Core, Delta Vigo, ENSO, Fen\u00ede Energ\u00eda, FORMINSA, GCR Group, Gestamp, Glavista, Gonvarri, Grupo Ses\u00e9, Grupo Simoldes, Iberdrola, Intrustial, IMS Technology, Ingedetec, Instituto Universitario Investigaci\u00f3n (CIRCE) Universidad Zaragoza, isEazy, ISEND, Kapture.io, Kautenik, Kivnon, Lazpiur, Leartiker, Libelium, Lithium Iberia, Malena Engineering, Mindcaps, Mol-Matric, Motorland Arag\u00f3n, NTDD, NUTAI, \u00d3rbita Ingenier\u00eda, Pomceg Electronics, POWER Innotech, Power HoldCo Spain, SEAT CODE, SEAT M\u00d3, SEAT S.A., Silence, Grupo SPR, Sumitomo Electric Bordnetze, T\u00e9cnicas Reunidas, TECOI, Valeo, Vega Chargers, Vicomtech, Volkswagen Navarra, WIP y Zylk.<\/p>\n\n\n\n<p><strong>Future: Fast Forward Project Collaborators<\/strong><\/p>\n\n\n\n<p>CaixaBank, Eurecat, FICOSA, ITAINNOVA y Telef\u00f3nica Espa\u00f1a.<\/p>\n\n\n\n<figure class=\"wp-block-image size-large is-resized\"><img loading=\"lazy\" decoding=\"async\" width=\"1024\" height=\"133\" src=\"https:\/\/altech.es\/wp-content\/uploads\/2024\/02\/Logo_Ministerio-y-EU-1-1024x133.png\" alt=\"\" class=\"wp-image-3185\" style=\"width:451px;height:auto\" srcset=\"https:\/\/altech.es\/wp-content\/uploads\/2024\/02\/Logo_Ministerio-y-EU-1-1024x133.png 1024w, https:\/\/altech.es\/wp-content\/uploads\/2024\/02\/Logo_Ministerio-y-EU-1-300x39.png 300w, https:\/\/altech.es\/wp-content\/uploads\/2024\/02\/Logo_Ministerio-y-EU-1-768x100.png 768w, https:\/\/altech.es\/wp-content\/uploads\/2024\/02\/Logo_Ministerio-y-EU-1.png 1279w\" sizes=\"(max-width: 1024px) 100vw, 1024px\" \/><\/figure>\n\n\n\n<div style=\"height:32px\" aria-hidden=\"true\" class=\"wp-block-spacer\"><\/div>\n","protected":false},"excerpt":{"rendered":"<p>ALTECH is participating as a partner company in the PERTE project for the Electric and Connected Vehicle (ECV), led by the Volkswagen Group and SEAT S.A. The company is part of the working group that will carry out the design, development, and industrialization of a new generation of electric and connected vehicles. Specifically, it will &#8230; <a title=\"Future: Fast Forward partners register the project with PERTE VEC\" class=\"read-more\" href=\"https:\/\/altech.es\/en\/noticia-future-fast-forward\/\" aria-label=\"Read more about Future: Fast Forward partners register the project with PERTE VEC\">Read more<\/a><\/p>\n","protected":false},"author":1,"featured_media":2080,"comment_status":"closed","ping_status":"closed","sticky":false,"template":"","format":"standard","meta":{"_acf_changed":false,"footnotes":""},"categories":[43,41],"tags":[],"class_list":["post-4140","post","type-post","status-publish","format-standard","has-post-thumbnail","hentry","category-electric-vehicle","category-mobility"],"acf":[],"_links":{"self":[{"href":"https:\/\/altech.es\/en\/wp-json\/wp\/v2\/posts\/4140","targetHints":{"allow":["GET"]}}],"collection":[{"href":"https:\/\/altech.es\/en\/wp-json\/wp\/v2\/posts"}],"about":[{"href":"https:\/\/altech.es\/en\/wp-json\/wp\/v2\/types\/post"}],"author":[{"embeddable":true,"href":"https:\/\/altech.es\/en\/wp-json\/wp\/v2\/users\/1"}],"replies":[{"embeddable":true,"href":"https:\/\/altech.es\/en\/wp-json\/wp\/v2\/comments?post=4140"}],"version-history":[{"count":0,"href":"https:\/\/altech.es\/en\/wp-json\/wp\/v2\/posts\/4140\/revisions"}],"wp:featuredmedia":[{"embeddable":true,"href":"https:\/\/altech.es\/en\/wp-json\/wp\/v2\/media\/2080"}],"wp:attachment":[{"href":"https:\/\/altech.es\/en\/wp-json\/wp\/v2\/media?parent=4140"}],"wp:term":[{"taxonomy":"category","embeddable":true,"href":"https:\/\/altech.es\/en\/wp-json\/wp\/v2\/categories?post=4140"},{"taxonomy":"post_tag","embeddable":true,"href":"https:\/\/altech.es\/en\/wp-json\/wp\/v2\/tags?post=4140"}],"curies":[{"name":"wp","href":"https:\/\/api.w.org\/{rel}","templated":true}]}}